{"id":767,"date":"2022-09-23T00:00:44","date_gmt":"2022-09-23T00:00:44","guid":{"rendered":"https:\/\/17radio.org\/?p=767"},"modified":"2022-09-23T00:04:28","modified_gmt":"2022-09-23T00:04:28","slug":"historia-de-un-equivoco-con-fabio-velez-9-de-febrero-de-2022","status":"publish","type":"post","link":"https:\/\/17radio.org\/index.php\/2022\/09\/23\/historia-de-un-equivoco-con-fabio-velez-9-de-febrero-de-2022\/","title":{"rendered":"Historia de un equivoco, con Fabio V\u00e9lez \/ 9 de febrero de 2022"},"content":{"rendered":"\n<p>Conversaci\u00f3n de Lorenzo Rocha (coordinador del \u00e1rea de Estudios territoriales) con el doctor Fabio V\u00e9lez, autor del libro &#8220;Arquitectura. Historias de un equ\u00edvoco&#8221;, acerca de las ideas arquitect\u00f3nicas y su desarrollo hist\u00f3rico.<\/p>\n","protected":false},"excerpt":{"rendered":"<p>Conversaci\u00f3n de Lorenzo Rocha (coordinador del \u00e1rea de Estudios territoriales) con el doctor Fabio V\u00e9lez, autor del libro &#8220;Arquitectura. Historias de un equ\u00edvoco&#8221;, acerca de las ideas arquitect\u00f3nicas y su desarrollo hist\u00f3rico.<\/p>\n","protected":false},"author":12,"featured_media":0,"comment_status":"open","ping_status":"open","sticky":false,"template":"page\/page-gutenberg.php","format":"audio","meta":{"_acf_changed":false,"footnotes":""},"categories":[2,55],"tags":[61],"class_list":["post-767","post","type-post","status-publish","format-audio","hentry","category-episodios","category-territorios-criticos","tag-territorioscriticos","post_format-post-format-audio"],"acf":[],"_links":{"self":[{"href":"https:\/\/17radio.org\/index.php\/wp-json\/wp\/v2\/posts\/767","targetHints":{"allow":["GET"]}}],"collection":[{"href":"https:\/\/17radio.org\/index.php\/wp-json\/wp\/v2\/posts"}],"about":[{"href":"https:\/\/17radio.org\/index.php\/wp-json\/wp\/v2\/types\/post"}],"author":[{"embeddable":true,"href":"https:\/\/17radio.org\/index.php\/wp-json\/wp\/v2\/users\/12"}],"replies":[{"embeddable":true,"href":"https:\/\/17radio.org\/index.php\/wp-json\/wp\/v2\/comments?post=767"}],"version-history":[{"count":1,"href":"https:\/\/17radio.org\/index.php\/wp-json\/wp\/v2\/posts\/767\/revisions"}],"predecessor-version":[{"id":768,"href":"https:\/\/17radio.org\/index.php\/wp-json\/wp\/v2\/posts\/767\/revisions\/768"}],"wp:attachment":[{"href":"https:\/\/17radio.org\/index.php\/wp-json\/wp\/v2\/media?parent=767"}],"wp:term":[{"taxonomy":"category","embeddable":true,"href":"https:\/\/17radio.org\/index.php\/wp-json\/wp\/v2\/categories?post=767"},{"taxonomy":"post_tag","embeddable":true,"href":"https:\/\/17radio.org\/index.php\/wp-json\/wp\/v2\/tags?post=767"}],"curies":[{"name":"wp","href":"https:\/\/api.w.org\/{rel}","templated":true}]}}