{"id":761,"date":"2022-09-22T23:52:02","date_gmt":"2022-09-22T23:52:02","guid":{"rendered":"https:\/\/17radio.org\/?p=761"},"modified":"2022-09-23T00:05:25","modified_gmt":"2022-09-23T00:05:25","slug":"practica-y-representacion-de-la-arquitectura-universidad-y-mercado-con-asier-santas-8-dic-2021","status":"publish","type":"post","link":"https:\/\/17radio.org\/index.php\/2022\/09\/22\/practica-y-representacion-de-la-arquitectura-universidad-y-mercado-con-asier-santas-8-dic-2021\/","title":{"rendered":"Pr\u00e1ctica y representaci\u00f3n de la arquitectura, universidad y mercado, con Asier Santas\/ 8 Dic 2021"},"content":{"rendered":"\n<p>En su segunda emisi\u00f3n, charlamos con el arquitecto Dr. Asier Santas, en torno a la pr\u00e1ctica y representaci\u00f3n de la arquitectura, en los entornos universitarios y en un incierto mercado de trabajo profesional.<\/p>\n","protected":false},"excerpt":{"rendered":"<p>En su segunda emisi\u00f3n, charlamos con el arquitecto Dr. Asier Santas, en torno a la pr\u00e1ctica y representaci\u00f3n de la arquitectura, en los entornos universitarios y en un incierto mercado de trabajo profesional.<\/p>\n","protected":false},"author":12,"featured_media":0,"comment_status":"open","ping_status":"open","sticky":false,"template":"page\/page-gutenberg.php","format":"audio","meta":{"_acf_changed":false,"footnotes":""},"categories":[2,55],"tags":[61],"class_list":["post-761","post","type-post","status-publish","format-audio","hentry","category-episodios","category-territorios-criticos","tag-territorioscriticos","post_format-post-format-audio"],"acf":[],"_links":{"self":[{"href":"https:\/\/17radio.org\/index.php\/wp-json\/wp\/v2\/posts\/761","targetHints":{"allow":["GET"]}}],"collection":[{"href":"https:\/\/17radio.org\/index.php\/wp-json\/wp\/v2\/posts"}],"about":[{"href":"https:\/\/17radio.org\/index.php\/wp-json\/wp\/v2\/types\/post"}],"author":[{"embeddable":true,"href":"https:\/\/17radio.org\/index.php\/wp-json\/wp\/v2\/users\/12"}],"replies":[{"embeddable":true,"href":"https:\/\/17radio.org\/index.php\/wp-json\/wp\/v2\/comments?post=761"}],"version-history":[{"count":1,"href":"https:\/\/17radio.org\/index.php\/wp-json\/wp\/v2\/posts\/761\/revisions"}],"predecessor-version":[{"id":762,"href":"https:\/\/17radio.org\/index.php\/wp-json\/wp\/v2\/posts\/761\/revisions\/762"}],"wp:attachment":[{"href":"https:\/\/17radio.org\/index.php\/wp-json\/wp\/v2\/media?parent=761"}],"wp:term":[{"taxonomy":"category","embeddable":true,"href":"https:\/\/17radio.org\/index.php\/wp-json\/wp\/v2\/categories?post=761"},{"taxonomy":"post_tag","embeddable":true,"href":"https:\/\/17radio.org\/index.php\/wp-json\/wp\/v2\/tags?post=761"}],"curies":[{"name":"wp","href":"https:\/\/api.w.org\/{rel}","templated":true}]}}