{"id":446,"date":"2021-06-10T00:04:04","date_gmt":"2021-06-10T00:04:04","guid":{"rendered":"https:\/\/17radio.org\/?p=446"},"modified":"2021-06-12T00:15:45","modified_gmt":"2021-06-12T00:15:45","slug":"a-proposito-del-filme-la-amenaza-de-andromeda","status":"publish","type":"post","link":"https:\/\/17radio.org\/index.php\/2021\/06\/10\/a-proposito-del-filme-la-amenaza-de-andromeda\/","title":{"rendered":"A prop\u00f3sito del filme &#8220;La Amenaza de Andr\u00f3meda&#8221;"},"content":{"rendered":"\n<p>Mesa redonda a prop\u00f3sito del filme \u201cLa Amenaza de Andr\u00f3meda\u201d, de Robert Wise (1971, EUA), con Genevi\u00e8ve Gal\u00e1n Tam\u00e9s, Juan Aurelio Fern\u00e1ndez Meza (Barcelona) y Mariana Flores Castillo (conductora).<\/p>\n","protected":false},"excerpt":{"rendered":"<p>Mesa redonda a prop\u00f3sito del filme \u201cLa Amenaza de Andr\u00f3meda\u201d, de Robert Wise (1971, EUA), con Genevi\u00e8ve Gal\u00e1n Tam\u00e9s, Juan Aurelio Fern\u00e1ndez Meza (Barcelona) y Mariana Flores Castillo (conductora).<\/p>\n","protected":false},"author":1,"featured_media":0,"comment_status":"open","ping_status":"open","sticky":false,"template":"page\/page-gutenberg.php","format":"audio","meta":{"_acf_changed":false,"footnotes":""},"categories":[2,47],"tags":[29,30,15],"class_list":["post-446","post","type-post","status-publish","format-audio","hentry","category-episodios","category-xxix-coloquio-virus-historias-umbrales","tag-pandemia","tag-pensamientopolitico","tag-teoriacritica","post_format-post-format-audio"],"acf":[],"_links":{"self":[{"href":"https:\/\/17radio.org\/index.php\/wp-json\/wp\/v2\/posts\/446","targetHints":{"allow":["GET"]}}],"collection":[{"href":"https:\/\/17radio.org\/index.php\/wp-json\/wp\/v2\/posts"}],"about":[{"href":"https:\/\/17radio.org\/index.php\/wp-json\/wp\/v2\/types\/post"}],"author":[{"embeddable":true,"href":"https:\/\/17radio.org\/index.php\/wp-json\/wp\/v2\/users\/1"}],"replies":[{"embeddable":true,"href":"https:\/\/17radio.org\/index.php\/wp-json\/wp\/v2\/comments?post=446"}],"version-history":[{"count":1,"href":"https:\/\/17radio.org\/index.php\/wp-json\/wp\/v2\/posts\/446\/revisions"}],"predecessor-version":[{"id":447,"href":"https:\/\/17radio.org\/index.php\/wp-json\/wp\/v2\/posts\/446\/revisions\/447"}],"wp:attachment":[{"href":"https:\/\/17radio.org\/index.php\/wp-json\/wp\/v2\/media?parent=446"}],"wp:term":[{"taxonomy":"category","embeddable":true,"href":"https:\/\/17radio.org\/index.php\/wp-json\/wp\/v2\/categories?post=446"},{"taxonomy":"post_tag","embeddable":true,"href":"https:\/\/17radio.org\/index.php\/wp-json\/wp\/v2\/tags?post=446"}],"curies":[{"name":"wp","href":"https:\/\/api.w.org\/{rel}","templated":true}]}}