{"id":42,"date":"2021-06-08T22:34:00","date_gmt":"2021-06-08T22:34:00","guid":{"rendered":"https:\/\/demo.themestation.net\/podcaster-import\/?p=42"},"modified":"2021-06-17T23:14:42","modified_gmt":"2021-06-17T23:14:42","slug":"https-open-spotify-com-episode-4luuhzphkysbjiynum3fpusilmvxybq7teofovmmieh1iwdl_branch1","status":"publish","type":"post","link":"https:\/\/17radio.org\/index.php\/2021\/06\/08\/https-open-spotify-com-episode-4luuhzphkysbjiynum3fpusilmvxybq7teofovmmieh1iwdl_branch1\/","title":{"rendered":"Discapacidad y cotidianidad &#8211; \u00c9poca1- E16"},"content":{"rendered":"\n<p>Beatriz Miranda, Pedro Miranda, Maricarmen Graue y Benjam\u00edn Mayer comentan sobre el D\u00eda Internacional de la Discapacidad, su cotidianidad y la falta de informaci\u00f3n e infraestructura para personas discapacitadas en M\u00e9xico.<\/p>\n\n\n\n<div class=\"wp-block-buttons\">\n<div class=\"wp-block-button\"><a class=\"wp-block-button__link\">Subscribe to our podcast<\/a><\/div>\n<\/div>\n","protected":false},"excerpt":{"rendered":"<p>Beatriz Miranda, Pedro Miranda, Maricarmen Graue y Benjam\u00edn Mayer comentan sobre el D\u00eda Internacional de la Discapacidad, su cotidianidad y la falta de informaci\u00f3n e infraestructura para personas discapacitadas en M\u00e9xico.<\/p>\n","protected":false},"author":1,"featured_media":0,"comment_status":"open","ping_status":"open","sticky":false,"template":"page\/page-gutenberg.php","format":"audio","meta":{"_acf_changed":false,"footnotes":""},"categories":[45,2],"tags":[],"class_list":["post-42","post","type-post","status-publish","format-audio","hentry","category-primera-temporada","category-episodios","post_format-post-format-audio"],"acf":[],"_links":{"self":[{"href":"https:\/\/17radio.org\/index.php\/wp-json\/wp\/v2\/posts\/42","targetHints":{"allow":["GET"]}}],"collection":[{"href":"https:\/\/17radio.org\/index.php\/wp-json\/wp\/v2\/posts"}],"about":[{"href":"https:\/\/17radio.org\/index.php\/wp-json\/wp\/v2\/types\/post"}],"author":[{"embeddable":true,"href":"https:\/\/17radio.org\/index.php\/wp-json\/wp\/v2\/users\/1"}],"replies":[{"embeddable":true,"href":"https:\/\/17radio.org\/index.php\/wp-json\/wp\/v2\/comments?post=42"}],"version-history":[{"count":4,"href":"https:\/\/17radio.org\/index.php\/wp-json\/wp\/v2\/posts\/42\/revisions"}],"predecessor-version":[{"id":421,"href":"https:\/\/17radio.org\/index.php\/wp-json\/wp\/v2\/posts\/42\/revisions\/421"}],"wp:attachment":[{"href":"https:\/\/17radio.org\/index.php\/wp-json\/wp\/v2\/media?parent=42"}],"wp:term":[{"taxonomy":"category","embeddable":true,"href":"https:\/\/17radio.org\/index.php\/wp-json\/wp\/v2\/categories?post=42"},{"taxonomy":"post_tag","embeddable":true,"href":"https:\/\/17radio.org\/index.php\/wp-json\/wp\/v2\/tags?post=42"}],"curies":[{"name":"wp","href":"https:\/\/api.w.org\/{rel}","templated":true}]}}