{"id":369,"date":"2021-06-09T23:28:39","date_gmt":"2021-06-09T23:28:39","guid":{"rendered":"https:\/\/17radio.org\/?p=369"},"modified":"2021-06-11T22:58:08","modified_gmt":"2021-06-11T22:58:08","slug":"contingencia-y-digitalidad-1-7-oct-2020","status":"publish","type":"post","link":"https:\/\/17radio.org\/index.php\/2021\/06\/09\/contingencia-y-digitalidad-1-7-oct-2020\/","title":{"rendered":"Contingencia y Digitalidad #1 \/ 7 Oct 2020"},"content":{"rendered":"\n<p>A esta serie de conversaciones le conciernen las diversas perspectivas sobre el uso, la reconfiguraci\u00f3n y la creaci\u00f3n de dispositivos, recursos e instituciones digitales en los terrenos educativo, laboral y cultural, con motivo de la singular y acelerada transici\u00f3n que ha suscitado en tantos \u00e1mbitos y lugares las diversas cuarentenas por COVID-19.<\/p>\n\n\n\n<p>En la primera emisi\u00f3n de Contingencia y Digitalidad: aportes cr\u00edticos, Diego Corrales entabla una conversaci\u00f3n con Diego Aguirre, creador multidisciplinario.<\/p>\n","protected":false},"excerpt":{"rendered":"<p>A esta serie de conversaciones le conciernen las diversas perspectivas sobre el uso, la reconfiguraci\u00f3n y la creaci\u00f3n de dispositivos, recursos e instituciones digitales en los terrenos educativo, laboral y cultural, con motivo de la singular y acelerada transici\u00f3n que ha suscitado en tantos \u00e1mbitos y lugares las diversas cuarentenas por COVID-19. En la primera [&hellip;]<\/p>\n","protected":false},"author":1,"featured_media":0,"comment_status":"open","ping_status":"open","sticky":false,"template":"page\/page-gutenberg.php","format":"audio","meta":{"_acf_changed":false,"footnotes":""},"categories":[44,2],"tags":[],"class_list":["post-369","post","type-post","status-publish","format-audio","hentry","category-contingencia-y-digitalidad","category-episodios","post_format-post-format-audio"],"acf":[],"_links":{"self":[{"href":"https:\/\/17radio.org\/index.php\/wp-json\/wp\/v2\/posts\/369","targetHints":{"allow":["GET"]}}],"collection":[{"href":"https:\/\/17radio.org\/index.php\/wp-json\/wp\/v2\/posts"}],"about":[{"href":"https:\/\/17radio.org\/index.php\/wp-json\/wp\/v2\/types\/post"}],"author":[{"embeddable":true,"href":"https:\/\/17radio.org\/index.php\/wp-json\/wp\/v2\/users\/1"}],"replies":[{"embeddable":true,"href":"https:\/\/17radio.org\/index.php\/wp-json\/wp\/v2\/comments?post=369"}],"version-history":[{"count":1,"href":"https:\/\/17radio.org\/index.php\/wp-json\/wp\/v2\/posts\/369\/revisions"}],"predecessor-version":[{"id":370,"href":"https:\/\/17radio.org\/index.php\/wp-json\/wp\/v2\/posts\/369\/revisions\/370"}],"wp:attachment":[{"href":"https:\/\/17radio.org\/index.php\/wp-json\/wp\/v2\/media?parent=369"}],"wp:term":[{"taxonomy":"category","embeddable":true,"href":"https:\/\/17radio.org\/index.php\/wp-json\/wp\/v2\/categories?post=369"},{"taxonomy":"post_tag","embeddable":true,"href":"https:\/\/17radio.org\/index.php\/wp-json\/wp\/v2\/tags?post=369"}],"curies":[{"name":"wp","href":"https:\/\/api.w.org\/{rel}","templated":true}]}}