{"id":349,"date":"2021-06-09T23:02:57","date_gmt":"2021-06-09T23:02:57","guid":{"rendered":"https:\/\/17radio.org\/?p=349"},"modified":"2021-06-11T22:55:59","modified_gmt":"2021-06-11T22:55:59","slug":"soldados-de-salamina-2a-parte-con-joseba-buj-10-mar-2021","status":"publish","type":"post","link":"https:\/\/17radio.org\/index.php\/2021\/06\/09\/soldados-de-salamina-2a-parte-con-joseba-buj-10-mar-2021\/","title":{"rendered":"Soldados de Salamina, 2a. parte, con Joseba Buj\/ 10 Mar 2021"},"content":{"rendered":"\n<p>En su cuarta emisi\u00f3n disfrutamos de la segunda entrega del di\u00e1logo con nuestro invitado Joseba Buj, entorno a la novela de Javier Cercas, &#8220;Soldados de Salamina&#8221;, as\u00ed como algunos recorridos en la literatura espa\u00f1ola de la transici\u00f3n y el problema de la saturaci\u00f3n de la memoria.<\/p>\n","protected":false},"excerpt":{"rendered":"<p>En su cuarta emisi\u00f3n disfrutamos de la segunda entrega del di\u00e1logo con nuestro invitado Joseba Buj, entorno a la novela de Javier Cercas, &#8220;Soldados de Salamina&#8221;, as\u00ed como algunos recorridos en la literatura espa\u00f1ola de la transici\u00f3n y el problema de la saturaci\u00f3n de la memoria.<\/p>\n","protected":false},"author":1,"featured_media":0,"comment_status":"open","ping_status":"open","sticky":false,"template":"page\/page-gutenberg.php","format":"audio","meta":{"_acf_changed":false,"footnotes":""},"categories":[42,2],"tags":[],"class_list":["post-349","post","type-post","status-publish","format-audio","hentry","category-anacronica","category-episodios","post_format-post-format-audio"],"acf":[],"_links":{"self":[{"href":"https:\/\/17radio.org\/index.php\/wp-json\/wp\/v2\/posts\/349","targetHints":{"allow":["GET"]}}],"collection":[{"href":"https:\/\/17radio.org\/index.php\/wp-json\/wp\/v2\/posts"}],"about":[{"href":"https:\/\/17radio.org\/index.php\/wp-json\/wp\/v2\/types\/post"}],"author":[{"embeddable":true,"href":"https:\/\/17radio.org\/index.php\/wp-json\/wp\/v2\/users\/1"}],"replies":[{"embeddable":true,"href":"https:\/\/17radio.org\/index.php\/wp-json\/wp\/v2\/comments?post=349"}],"version-history":[{"count":1,"href":"https:\/\/17radio.org\/index.php\/wp-json\/wp\/v2\/posts\/349\/revisions"}],"predecessor-version":[{"id":350,"href":"https:\/\/17radio.org\/index.php\/wp-json\/wp\/v2\/posts\/349\/revisions\/350"}],"wp:attachment":[{"href":"https:\/\/17radio.org\/index.php\/wp-json\/wp\/v2\/media?parent=349"}],"wp:term":[{"taxonomy":"category","embeddable":true,"href":"https:\/\/17radio.org\/index.php\/wp-json\/wp\/v2\/categories?post=349"},{"taxonomy":"post_tag","embeddable":true,"href":"https:\/\/17radio.org\/index.php\/wp-json\/wp\/v2\/tags?post=349"}],"curies":[{"name":"wp","href":"https:\/\/api.w.org\/{rel}","templated":true}]}}