{"id":322,"date":"2021-06-09T01:27:05","date_gmt":"2021-06-09T01:27:05","guid":{"rendered":"https:\/\/17radio.org\/?p=322"},"modified":"2021-06-17T23:13:16","modified_gmt":"2021-06-17T23:13:16","slug":"revista-estudiantil-hilo-rojo-con-jacinta-diaz-corona-y-claudio-escandon-06-jun-2021","status":"publish","type":"post","link":"https:\/\/17radio.org\/index.php\/2021\/06\/09\/revista-estudiantil-hilo-rojo-con-jacinta-diaz-corona-y-claudio-escandon-06-jun-2021\/","title":{"rendered":"Revista estudiantil Hilo Rojo, con Jacinta D\u00edaz-Corona y Claudio Escand\u00f3n\/ 06 Jun 2021"},"content":{"rendered":"\n<p>En su vig\u00e9simo octava emisi\u00f3n, conversamos con Jacinta D\u00edaz-Corona y Claudio Escand\u00f3n, acerca de la revista estudiantil de la Licenciatura en Historia de la Universidad Iberoamericana: Hilo Rojo. Programa en el que reflexionamos sobre la figura del estudiante, el joven y sus relaciones con la elaboraci\u00f3n de los pasados.<\/p>\n","protected":false},"excerpt":{"rendered":"<p>En su vig\u00e9simo octava emisi\u00f3n, conversamos con Jacinta D\u00edaz-Corona y Claudio Escand\u00f3n, acerca de la revista estudiantil de la Licenciatura en Historia de la Universidad Iberoamericana: Hilo Rojo. Programa en el que reflexionamos sobre la figura del estudiante, el joven y sus relaciones con la elaboraci\u00f3n de los pasados.<\/p>\n","protected":false},"author":1,"featured_media":0,"comment_status":"open","ping_status":"open","sticky":false,"template":"page\/page-gutenberg.php","format":"audio","meta":{"_acf_changed":false,"footnotes":""},"categories":[41,2],"tags":[],"class_list":["post-322","post","type-post","status-publish","format-audio","hentry","category-la-gallina-ciega","category-episodios","post_format-post-format-audio"],"acf":[],"_links":{"self":[{"href":"https:\/\/17radio.org\/index.php\/wp-json\/wp\/v2\/posts\/322","targetHints":{"allow":["GET"]}}],"collection":[{"href":"https:\/\/17radio.org\/index.php\/wp-json\/wp\/v2\/posts"}],"about":[{"href":"https:\/\/17radio.org\/index.php\/wp-json\/wp\/v2\/types\/post"}],"author":[{"embeddable":true,"href":"https:\/\/17radio.org\/index.php\/wp-json\/wp\/v2\/users\/1"}],"replies":[{"embeddable":true,"href":"https:\/\/17radio.org\/index.php\/wp-json\/wp\/v2\/comments?post=322"}],"version-history":[{"count":1,"href":"https:\/\/17radio.org\/index.php\/wp-json\/wp\/v2\/posts\/322\/revisions"}],"predecessor-version":[{"id":323,"href":"https:\/\/17radio.org\/index.php\/wp-json\/wp\/v2\/posts\/322\/revisions\/323"}],"wp:attachment":[{"href":"https:\/\/17radio.org\/index.php\/wp-json\/wp\/v2\/media?parent=322"}],"wp:term":[{"taxonomy":"category","embeddable":true,"href":"https:\/\/17radio.org\/index.php\/wp-json\/wp\/v2\/categories?post=322"},{"taxonomy":"post_tag","embeddable":true,"href":"https:\/\/17radio.org\/index.php\/wp-json\/wp\/v2\/tags?post=322"}],"curies":[{"name":"wp","href":"https:\/\/api.w.org\/{rel}","templated":true}]}}