{"id":304,"date":"2021-06-09T01:18:52","date_gmt":"2021-06-09T01:18:52","guid":{"rendered":"https:\/\/17radio.org\/?p=304"},"modified":"2021-06-11T22:50:06","modified_gmt":"2021-06-11T22:50:06","slug":"historizar-el-pensamiento-politico-con-daniel-barragan-erick-mancha-y-federico-bonet-26-mar-2021","status":"publish","type":"post","link":"https:\/\/17radio.org\/index.php\/2021\/06\/09\/historizar-el-pensamiento-politico-con-daniel-barragan-erick-mancha-y-federico-bonet-26-mar-2021\/","title":{"rendered":"Historizar el pensamiento pol\u00edtico, con Daniel Barrag\u00e1n, Erick Mancha y Federico Bonet\/ 26 Mar 2021"},"content":{"rendered":"\n<p>En su d\u00e9cimo novena emisi\u00f3n conversamos con Daniel Barrag\u00e1n, Erick Mancha y Federico Bonet acerca de la relaci\u00f3n entre la historiograf\u00eda y el pensamiento pol\u00edtico, a modo de reflexi\u00f3n y resonancia de un seminario ofrecido por el \u00e1rea de historia e historiograf\u00eda celebrado el a\u00f1o pasado.<\/p>\n","protected":false},"excerpt":{"rendered":"<p>En su d\u00e9cimo novena emisi\u00f3n conversamos con Daniel Barrag\u00e1n, Erick Mancha y Federico Bonet acerca de la relaci\u00f3n entre la historiograf\u00eda y el pensamiento pol\u00edtico, a modo de reflexi\u00f3n y resonancia de un seminario ofrecido por el \u00e1rea de historia e historiograf\u00eda celebrado el a\u00f1o pasado.<\/p>\n","protected":false},"author":1,"featured_media":0,"comment_status":"open","ping_status":"open","sticky":false,"template":"page\/page-gutenberg.php","format":"audio","meta":{"_acf_changed":false,"footnotes":""},"categories":[41,2],"tags":[],"class_list":["post-304","post","type-post","status-publish","format-audio","hentry","category-la-gallina-ciega","category-episodios","post_format-post-format-audio"],"acf":[],"_links":{"self":[{"href":"https:\/\/17radio.org\/index.php\/wp-json\/wp\/v2\/posts\/304","targetHints":{"allow":["GET"]}}],"collection":[{"href":"https:\/\/17radio.org\/index.php\/wp-json\/wp\/v2\/posts"}],"about":[{"href":"https:\/\/17radio.org\/index.php\/wp-json\/wp\/v2\/types\/post"}],"author":[{"embeddable":true,"href":"https:\/\/17radio.org\/index.php\/wp-json\/wp\/v2\/users\/1"}],"replies":[{"embeddable":true,"href":"https:\/\/17radio.org\/index.php\/wp-json\/wp\/v2\/comments?post=304"}],"version-history":[{"count":1,"href":"https:\/\/17radio.org\/index.php\/wp-json\/wp\/v2\/posts\/304\/revisions"}],"predecessor-version":[{"id":305,"href":"https:\/\/17radio.org\/index.php\/wp-json\/wp\/v2\/posts\/304\/revisions\/305"}],"wp:attachment":[{"href":"https:\/\/17radio.org\/index.php\/wp-json\/wp\/v2\/media?parent=304"}],"wp:term":[{"taxonomy":"category","embeddable":true,"href":"https:\/\/17radio.org\/index.php\/wp-json\/wp\/v2\/categories?post=304"},{"taxonomy":"post_tag","embeddable":true,"href":"https:\/\/17radio.org\/index.php\/wp-json\/wp\/v2\/tags?post=304"}],"curies":[{"name":"wp","href":"https:\/\/api.w.org\/{rel}","templated":true}]}}