{"id":278,"date":"2021-06-09T01:03:19","date_gmt":"2021-06-09T01:03:19","guid":{"rendered":"https:\/\/17radio.org\/?p=278"},"modified":"2021-06-11T22:48:30","modified_gmt":"2021-06-11T22:48:30","slug":"historia-y-literatura-con-andres-luna-joseba-buj-y-j-aurelio-fdez-06-nov-2020","status":"publish","type":"post","link":"https:\/\/17radio.org\/index.php\/2021\/06\/09\/historia-y-literatura-con-andres-luna-joseba-buj-y-j-aurelio-fdez-06-nov-2020\/","title":{"rendered":"Historia y literatura, con Andr\u00e9s Luna, Joseba Buj y J. Aurelio Fdez\/ 06 Nov 2020"},"content":{"rendered":"\n<p>En su sexta emisi\u00f3n, disfrutamos de la presencia de Andr\u00e9s Luna Jim\u00e9nez, Joseba Buj y Juan Aurelio Fern\u00e1ndez Meza, quines nos hablaron del v\u00ednculo de las producciones de discursos historiogr\u00e1ficos y el registro literario.<\/p>\n","protected":false},"excerpt":{"rendered":"<p>En su sexta emisi\u00f3n, disfrutamos de la presencia de Andr\u00e9s Luna Jim\u00e9nez, Joseba Buj y Juan Aurelio Fern\u00e1ndez Meza, quines nos hablaron del v\u00ednculo de las producciones de discursos historiogr\u00e1ficos y el registro literario.<\/p>\n","protected":false},"author":1,"featured_media":0,"comment_status":"open","ping_status":"open","sticky":false,"template":"page\/page-gutenberg.php","format":"audio","meta":{"_acf_changed":false,"footnotes":""},"categories":[41,2],"tags":[11,19,16,17,12,14,18],"class_list":["post-278","post","type-post","status-publish","format-audio","hentry","category-la-gallina-ciega","category-episodios","tag-17radio","tag-escritura","tag-historia","tag-historiografia","tag-laboratoriodelapalabra","tag-lagallinaciega","tag-literatura","post_format-post-format-audio"],"acf":[],"_links":{"self":[{"href":"https:\/\/17radio.org\/index.php\/wp-json\/wp\/v2\/posts\/278","targetHints":{"allow":["GET"]}}],"collection":[{"href":"https:\/\/17radio.org\/index.php\/wp-json\/wp\/v2\/posts"}],"about":[{"href":"https:\/\/17radio.org\/index.php\/wp-json\/wp\/v2\/types\/post"}],"author":[{"embeddable":true,"href":"https:\/\/17radio.org\/index.php\/wp-json\/wp\/v2\/users\/1"}],"replies":[{"embeddable":true,"href":"https:\/\/17radio.org\/index.php\/wp-json\/wp\/v2\/comments?post=278"}],"version-history":[{"count":1,"href":"https:\/\/17radio.org\/index.php\/wp-json\/wp\/v2\/posts\/278\/revisions"}],"predecessor-version":[{"id":279,"href":"https:\/\/17radio.org\/index.php\/wp-json\/wp\/v2\/posts\/278\/revisions\/279"}],"wp:attachment":[{"href":"https:\/\/17radio.org\/index.php\/wp-json\/wp\/v2\/media?parent=278"}],"wp:term":[{"taxonomy":"category","embeddable":true,"href":"https:\/\/17radio.org\/index.php\/wp-json\/wp\/v2\/categories?post=278"},{"taxonomy":"post_tag","embeddable":true,"href":"https:\/\/17radio.org\/index.php\/wp-json\/wp\/v2\/tags?post=278"}],"curies":[{"name":"wp","href":"https:\/\/api.w.org\/{rel}","templated":true}]}}