{"id":268,"date":"2021-06-09T00:56:01","date_gmt":"2021-06-09T00:56:01","guid":{"rendered":"https:\/\/17radio.org\/?p=268"},"modified":"2021-06-11T22:47:23","modified_gmt":"2021-06-11T22:47:23","slug":"el-68-y-la-metafisica-de-la-juventud-con-fco-robles-gil-ilan-semo-y-sergio-villalobos-2-oct-2020","status":"publish","type":"post","link":"https:\/\/17radio.org\/index.php\/2021\/06\/09\/el-68-y-la-metafisica-de-la-juventud-con-fco-robles-gil-ilan-semo-y-sergio-villalobos-2-oct-2020\/","title":{"rendered":"El 68 y la Metaf\u00edsica de la juventud, con Fco Robles Gil, Il\u00e1n Semo y Sergio Villalobos\/ 2 Oct 2020"},"content":{"rendered":"\n<p>En su primera emisi\u00f3n, Andr\u00e9s Gordillo conduci\u00f3 el programa &#8220;El 68 y la metaf\u00edsica de la juventud&#8221;, junto a Francisco Robles Gil, Il\u00e1n Semo y Sergio Villalobos &#8211; Ruminott.<\/p>\n\n\n\n<p>A 52 a\u00f1os de los movimientos de 1968, atravesados por la condici\u00f3n pand\u00e9mica, \u00bfC\u00f3mo pensar la actualidad de la revuelta y sus desactivaciones? \u00bfCu\u00e1les son las resonancias entre el 68 y la actualidad?<\/p>\n","protected":false},"excerpt":{"rendered":"<p>En su primera emisi\u00f3n, Andr\u00e9s Gordillo conduci\u00f3 el programa &#8220;El 68 y la metaf\u00edsica de la juventud&#8221;, junto a Francisco Robles Gil, Il\u00e1n Semo y Sergio Villalobos &#8211; Ruminott. A 52 a\u00f1os de los movimientos de 1968, atravesados por la condici\u00f3n pand\u00e9mica, \u00bfC\u00f3mo pensar la actualidad de la revuelta y sus desactivaciones? \u00bfCu\u00e1les son las [&hellip;]<\/p>\n","protected":false},"author":1,"featured_media":0,"comment_status":"open","ping_status":"open","sticky":false,"template":"page\/page-gutenberg.php","format":"audio","meta":{"_acf_changed":false,"footnotes":""},"categories":[41,2],"tags":[],"class_list":["post-268","post","type-post","status-publish","format-audio","hentry","category-la-gallina-ciega","category-episodios","post_format-post-format-audio"],"acf":[],"_links":{"self":[{"href":"https:\/\/17radio.org\/index.php\/wp-json\/wp\/v2\/posts\/268","targetHints":{"allow":["GET"]}}],"collection":[{"href":"https:\/\/17radio.org\/index.php\/wp-json\/wp\/v2\/posts"}],"about":[{"href":"https:\/\/17radio.org\/index.php\/wp-json\/wp\/v2\/types\/post"}],"author":[{"embeddable":true,"href":"https:\/\/17radio.org\/index.php\/wp-json\/wp\/v2\/users\/1"}],"replies":[{"embeddable":true,"href":"https:\/\/17radio.org\/index.php\/wp-json\/wp\/v2\/comments?post=268"}],"version-history":[{"count":1,"href":"https:\/\/17radio.org\/index.php\/wp-json\/wp\/v2\/posts\/268\/revisions"}],"predecessor-version":[{"id":269,"href":"https:\/\/17radio.org\/index.php\/wp-json\/wp\/v2\/posts\/268\/revisions\/269"}],"wp:attachment":[{"href":"https:\/\/17radio.org\/index.php\/wp-json\/wp\/v2\/media?parent=268"}],"wp:term":[{"taxonomy":"category","embeddable":true,"href":"https:\/\/17radio.org\/index.php\/wp-json\/wp\/v2\/categories?post=268"},{"taxonomy":"post_tag","embeddable":true,"href":"https:\/\/17radio.org\/index.php\/wp-json\/wp\/v2\/tags?post=268"}],"curies":[{"name":"wp","href":"https:\/\/api.w.org\/{rel}","templated":true}]}}