{"id":235,"date":"2021-06-09T00:30:58","date_gmt":"2021-06-09T00:30:58","guid":{"rendered":"https:\/\/17radio.org\/?p=235"},"modified":"2021-06-11T22:44:14","modified_gmt":"2021-06-11T22:44:14","slug":"discapacidad-y-activismo-con-mercedes-santana-y-sus-hijos-valeria-y-andres-30-sept-2020","status":"publish","type":"post","link":"https:\/\/17radio.org\/index.php\/2021\/06\/09\/discapacidad-y-activismo-con-mercedes-santana-y-sus-hijos-valeria-y-andres-30-sept-2020\/","title":{"rendered":"Discapacidad y activismo, con Mercedes Santana, y sus hijos Valeria y Andr\u00e9s\/ 30 Sept 2020"},"content":{"rendered":"\n<p>Dis-locaciones, conducido por Beatriz Miranda, en su primera transmisi\u00f3n entabla una conversaci\u00f3n con Mercedes Santana, y sus hijos Valeria y Andr\u00e9s desde Ambato, Ecuador.<\/p>\n\n\n\n<p>Mercedes es mujer activista con discapacidad y psic\u00f3loga.<\/p>\n","protected":false},"excerpt":{"rendered":"<p>Dis-locaciones, conducido por Beatriz Miranda, en su primera transmisi\u00f3n entabla una conversaci\u00f3n con Mercedes Santana, y sus hijos Valeria y Andr\u00e9s desde Ambato, Ecuador. Mercedes es mujer activista con discapacidad y psic\u00f3loga.<\/p>\n","protected":false},"author":1,"featured_media":0,"comment_status":"open","ping_status":"open","sticky":false,"template":"page\/page-gutenberg.php","format":"audio","meta":{"_acf_changed":false,"footnotes":""},"categories":[40,2],"tags":[],"class_list":["post-235","post","type-post","status-publish","format-audio","hentry","category-dis-locaciones","category-episodios","post_format-post-format-audio"],"acf":[],"_links":{"self":[{"href":"https:\/\/17radio.org\/index.php\/wp-json\/wp\/v2\/posts\/235","targetHints":{"allow":["GET"]}}],"collection":[{"href":"https:\/\/17radio.org\/index.php\/wp-json\/wp\/v2\/posts"}],"about":[{"href":"https:\/\/17radio.org\/index.php\/wp-json\/wp\/v2\/types\/post"}],"author":[{"embeddable":true,"href":"https:\/\/17radio.org\/index.php\/wp-json\/wp\/v2\/users\/1"}],"replies":[{"embeddable":true,"href":"https:\/\/17radio.org\/index.php\/wp-json\/wp\/v2\/comments?post=235"}],"version-history":[{"count":1,"href":"https:\/\/17radio.org\/index.php\/wp-json\/wp\/v2\/posts\/235\/revisions"}],"predecessor-version":[{"id":236,"href":"https:\/\/17radio.org\/index.php\/wp-json\/wp\/v2\/posts\/235\/revisions\/236"}],"wp:attachment":[{"href":"https:\/\/17radio.org\/index.php\/wp-json\/wp\/v2\/media?parent=235"}],"wp:term":[{"taxonomy":"category","embeddable":true,"href":"https:\/\/17radio.org\/index.php\/wp-json\/wp\/v2\/categories?post=235"},{"taxonomy":"post_tag","embeddable":true,"href":"https:\/\/17radio.org\/index.php\/wp-json\/wp\/v2\/tags?post=235"}],"curies":[{"name":"wp","href":"https:\/\/api.w.org\/{rel}","templated":true}]}}