{"id":184,"date":"2021-06-08T22:25:36","date_gmt":"2021-06-08T22:25:36","guid":{"rendered":"https:\/\/17radio.org\/?p=184"},"modified":"2021-06-11T23:52:04","modified_gmt":"2021-06-11T23:52:04","slug":"radio-diecisiete-el-laboratorio-de-la-palabra-epoca-1-e08","status":"publish","type":"post","link":"https:\/\/17radio.org\/index.php\/2021\/06\/08\/radio-diecisiete-el-laboratorio-de-la-palabra-epoca-1-e08\/","title":{"rendered":"Radio Diecisiete: el laboratorio de la palabra &#8211; \u00c9poca 1 &#8211; E08"},"content":{"rendered":"\n<p>El productor, fot\u00f3grafo y guionista Javier Pimentel, Conrado Tostado y Ana Luisa M\u00e9ndez comentan sobre c\u00f3mo surge Radio Diecisiete, los formatos disruptivos que ocupa para el desarrollo de cada programa y las posibilidades de la radio alternativa.<\/p>\n","protected":false},"excerpt":{"rendered":"<p>El productor, fot\u00f3grafo y guionista Javier Pimentel, Conrado Tostado y Ana Luisa M\u00e9ndez comentan sobre c\u00f3mo surge Radio Diecisiete, los formatos disruptivos que ocupa para el desarrollo de cada programa y las posibilidades de la radio alternativa.<\/p>\n","protected":false},"author":1,"featured_media":0,"comment_status":"open","ping_status":"open","sticky":false,"template":"page\/page-gutenberg.php","format":"audio","meta":{"_acf_changed":false,"footnotes":""},"categories":[45,2],"tags":[],"class_list":["post-184","post","type-post","status-publish","format-audio","hentry","category-primera-temporada","category-episodios","post_format-post-format-audio"],"acf":[],"_links":{"self":[{"href":"https:\/\/17radio.org\/index.php\/wp-json\/wp\/v2\/posts\/184","targetHints":{"allow":["GET"]}}],"collection":[{"href":"https:\/\/17radio.org\/index.php\/wp-json\/wp\/v2\/posts"}],"about":[{"href":"https:\/\/17radio.org\/index.php\/wp-json\/wp\/v2\/types\/post"}],"author":[{"embeddable":true,"href":"https:\/\/17radio.org\/index.php\/wp-json\/wp\/v2\/users\/1"}],"replies":[{"embeddable":true,"href":"https:\/\/17radio.org\/index.php\/wp-json\/wp\/v2\/comments?post=184"}],"version-history":[{"count":1,"href":"https:\/\/17radio.org\/index.php\/wp-json\/wp\/v2\/posts\/184\/revisions"}],"predecessor-version":[{"id":185,"href":"https:\/\/17radio.org\/index.php\/wp-json\/wp\/v2\/posts\/184\/revisions\/185"}],"wp:attachment":[{"href":"https:\/\/17radio.org\/index.php\/wp-json\/wp\/v2\/media?parent=184"}],"wp:term":[{"taxonomy":"category","embeddable":true,"href":"https:\/\/17radio.org\/index.php\/wp-json\/wp\/v2\/categories?post=184"},{"taxonomy":"post_tag","embeddable":true,"href":"https:\/\/17radio.org\/index.php\/wp-json\/wp\/v2\/tags?post=184"}],"curies":[{"name":"wp","href":"https:\/\/api.w.org\/{rel}","templated":true}]}}